{"id":11633,"date":"2026-04-28T16:00:30","date_gmt":"2026-04-28T19:00:30","guid":{"rendered":"https:\/\/www.granpal.com.br\/site\/?p=11633"},"modified":"2026-04-28T16:00:34","modified_gmt":"2026-04-28T19:00:34","slug":"assembleia-geral-ordinaria-da-granpal-tem-planejamento-com-pautas-definidas-para-2026","status":"publish","type":"post","link":"https:\/\/www.granpal.com.br\/site\/ago-prefeitos\/assembleia-geral-ordinaria-da-granpal-tem-planejamento-com-pautas-definidas-para-2026\/","title":{"rendered":"Assembleia Geral Ordin\u00e1ria da Granpal tem planejamento com pautas definidas para 2026."},"content":{"rendered":"\n<div class=\"wp-block-columns is-layout-flex wp-container-core-columns-is-layout-28f84493 wp-block-columns-is-layout-flex\">\n<div class=\"wp-block-column is-layout-flow wp-block-column-is-layout-flow\">\n<figure class=\"wp-block-image size-large\"><img fetchpriority=\"high\" decoding=\"async\" width=\"1024\" height=\"768\" src=\"https:\/\/www.granpal.com.br\/site\/wp-content\/uploads\/2026\/04\/c9476e2b-454c-4ff4-b4e6-717f43ead7b9-1024x768.jpg\" alt=\"\" class=\"wp-image-11634\" srcset=\"https:\/\/www.granpal.com.br\/site\/wp-content\/uploads\/2026\/04\/c9476e2b-454c-4ff4-b4e6-717f43ead7b9-1024x768.jpg 1024w, https:\/\/www.granpal.com.br\/site\/wp-content\/uploads\/2026\/04\/c9476e2b-454c-4ff4-b4e6-717f43ead7b9-300x225.jpg 300w, https:\/\/www.granpal.com.br\/site\/wp-content\/uploads\/2026\/04\/c9476e2b-454c-4ff4-b4e6-717f43ead7b9-768x576.jpg 768w, https:\/\/www.granpal.com.br\/site\/wp-content\/uploads\/2026\/04\/c9476e2b-454c-4ff4-b4e6-717f43ead7b9-1536x1152.jpg 1536w, https:\/\/www.granpal.com.br\/site\/wp-content\/uploads\/2026\/04\/c9476e2b-454c-4ff4-b4e6-717f43ead7b9.jpg 1600w\" sizes=\"(max-width: 1024px) 100vw, 1024px\" \/><\/figure>\n<\/div>\n\n\n\n<div class=\"wp-block-column is-layout-flow wp-block-column-is-layout-flow\">\n<figure class=\"wp-block-image size-large\"><img decoding=\"async\" width=\"1024\" height=\"768\" src=\"https:\/\/www.granpal.com.br\/site\/wp-content\/uploads\/2026\/04\/4be6ce98-48e5-4fc1-92aa-4f797904ed14-1024x768.jpg\" alt=\"\" class=\"wp-image-11635\" srcset=\"https:\/\/www.granpal.com.br\/site\/wp-content\/uploads\/2026\/04\/4be6ce98-48e5-4fc1-92aa-4f797904ed14-1024x768.jpg 1024w, https:\/\/www.granpal.com.br\/site\/wp-content\/uploads\/2026\/04\/4be6ce98-48e5-4fc1-92aa-4f797904ed14-300x225.jpg 300w, https:\/\/www.granpal.com.br\/site\/wp-content\/uploads\/2026\/04\/4be6ce98-48e5-4fc1-92aa-4f797904ed14-768x576.jpg 768w, https:\/\/www.granpal.com.br\/site\/wp-content\/uploads\/2026\/04\/4be6ce98-48e5-4fc1-92aa-4f797904ed14-1536x1152.jpg 1536w, https:\/\/www.granpal.com.br\/site\/wp-content\/uploads\/2026\/04\/4be6ce98-48e5-4fc1-92aa-4f797904ed14.jpg 1600w\" sizes=\"(max-width: 1024px) 100vw, 1024px\" \/><\/figure>\n<\/div>\n<\/div>\n\n\n\n<p>O potencial efeito do El Ni\u00f1o foi uma das pautas priorit\u00e1rias da Assembleia Geral Ordin\u00e1ria (AGO) da Associa\u00e7\u00e3o dos Munic\u00edpios da Regi\u00e3o Metropolitana de Porto Alegre (Granpal) e do Cons\u00f3rcio Granpal, realizada na manh\u00e3 desta ter\u00e7a-feira, 28. O encontro, que reuniu prefeitos e representantes dos 22 munic\u00edpios associados, tamb\u00e9m serviu para alinhar o planejamento para os demais meses do ano, debates com pr\u00e9-candidatos ao governo do Estado e ao Senado Federal que est\u00e3o programados, e licita\u00e7\u00f5es oferecidas aos munic\u00edpios.<\/p>\n\n\n\n<p>O fen\u00f4meno clim\u00e1tico natural El Ni\u00f1o provoca o aumento incomum da temperatura das \u00e1guas, podendo causar chuvas intensas no Sul do Brasil e secas no Nordeste. Douglas Martello, prefeito de Alvorada e Presidente da Associa\u00e7\u00e3o Granpal, acende alerta para que a regi\u00e3o metropolitana esteja articulada e organizada para a vinda do El Ni\u00f1o, com efeitos projetados para os meses de setembro e outubro. \u201cN\u00e3o sabemos o tamanho do fen\u00f4meno, mas sabemos que vir\u00e1, ent\u00e3o \u00e9 fundamental que a Granpal esteja preparada para atender essas necessidades\u201d, aponta.<\/p>\n\n\n\n<p>Al\u00e9m do fen\u00f4meno clim\u00e1tico, outro tema apresentado no planejamento de 2026 foram os debates metropolitanos, onde a Granpal planeja organizar dois encontros: um com os pr\u00e9-candidatos ao senado, e outro com os pr\u00e9-candidatos ao Governo do Estado. O objetivo \u00e9 aproximar os futuros representantes dos ga\u00fachos com as demandas da regi\u00e3o metropolitana e seus munic\u00edpios.<\/p>\n\n\n\n<p>Felipe Costella, prefeito de Esteio e Presidente do Cons\u00f3rcio Granpal, destaca tamb\u00e9m as licita\u00e7\u00f5es para os munic\u00edpios, processos administrativos conjuntos para adquirir itens necess\u00e1rios para a rotina das atividades dos munic\u00edpios. \u201cEm conjunto com o Tribunal de Contas, vamos colocar \u00e0 disposi\u00e7\u00e3o de todos os munic\u00edpios consorciados. N\u00f3s abrimos a possibilidade de os prefeitos tamb\u00e9m trazerem novas demandas de licita\u00e7\u00f5es\u201d.<\/p>\n\n\n\n<p>Os procediemntos, como a de medicamentos, s\u00e3o feitos em pedidos conjuntos para mais de um munic\u00edpio com o objetivo de tornar o processo mais econ\u00f4mico para as prefeituras envolvidas. A Assembleia Geral Ordin\u00e1ria (AGO) refor\u00e7ou seu compromisso com um planejamento organizado e competente para 2026, debatendo temas relevantes e a\u00e7\u00f5es concretas ao longo do ano.<\/p>\n\n\n\n<div class=\"wp-block-columns is-layout-flex wp-container-core-columns-is-layout-28f84493 wp-block-columns-is-layout-flex\">\n<div class=\"wp-block-column is-layout-flow wp-block-column-is-layout-flow\">\n<figure class=\"wp-block-image size-large\"><img decoding=\"async\" width=\"1024\" height=\"768\" src=\"https:\/\/www.granpal.com.br\/site\/wp-content\/uploads\/2026\/04\/70713faa-31c4-4d69-865b-4c9e09999026-1024x768.jpg\" alt=\"\" class=\"wp-image-11636\" srcset=\"https:\/\/www.granpal.com.br\/site\/wp-content\/uploads\/2026\/04\/70713faa-31c4-4d69-865b-4c9e09999026-1024x768.jpg 1024w, https:\/\/www.granpal.com.br\/site\/wp-content\/uploads\/2026\/04\/70713faa-31c4-4d69-865b-4c9e09999026-300x225.jpg 300w, https:\/\/www.granpal.com.br\/site\/wp-content\/uploads\/2026\/04\/70713faa-31c4-4d69-865b-4c9e09999026-768x576.jpg 768w, https:\/\/www.granpal.com.br\/site\/wp-content\/uploads\/2026\/04\/70713faa-31c4-4d69-865b-4c9e09999026-1536x1152.jpg 1536w, https:\/\/www.granpal.com.br\/site\/wp-content\/uploads\/2026\/04\/70713faa-31c4-4d69-865b-4c9e09999026.jpg 1600w\" sizes=\"(max-width: 1024px) 100vw, 1024px\" \/><\/figure>\n<\/div>\n\n\n\n<div class=\"wp-block-column is-layout-flow wp-block-column-is-layout-flow\">\n<figure class=\"wp-block-image size-large\"><img loading=\"lazy\" decoding=\"async\" width=\"1024\" height=\"768\" src=\"https:\/\/www.granpal.com.br\/site\/wp-content\/uploads\/2026\/04\/a76eaf05-6b5e-4d52-8408-49df6be5aec2-1024x768.jpg\" alt=\"\" class=\"wp-image-11637\" srcset=\"https:\/\/www.granpal.com.br\/site\/wp-content\/uploads\/2026\/04\/a76eaf05-6b5e-4d52-8408-49df6be5aec2-1024x768.jpg 1024w, https:\/\/www.granpal.com.br\/site\/wp-content\/uploads\/2026\/04\/a76eaf05-6b5e-4d52-8408-49df6be5aec2-300x225.jpg 300w, https:\/\/www.granpal.com.br\/site\/wp-content\/uploads\/2026\/04\/a76eaf05-6b5e-4d52-8408-49df6be5aec2-768x576.jpg 768w, https:\/\/www.granpal.com.br\/site\/wp-content\/uploads\/2026\/04\/a76eaf05-6b5e-4d52-8408-49df6be5aec2-1536x1152.jpg 1536w, https:\/\/www.granpal.com.br\/site\/wp-content\/uploads\/2026\/04\/a76eaf05-6b5e-4d52-8408-49df6be5aec2.jpg 1600w\" sizes=\"(max-width: 1024px) 100vw, 1024px\" \/><\/figure>\n<\/div>\n<\/div>\n","protected":false},"excerpt":{"rendered":"<p>O potencial efeito do El Ni\u00f1o foi uma das pautas priorit\u00e1rias da Assembleia Geral Ordin\u00e1ria (AGO) da Associa\u00e7\u00e3o dos Munic\u00edpios da Regi\u00e3o Metropolitana de Porto Alegre (Granpal) e do Cons\u00f3rcio Granpal, realizada na manh\u00e3 desta ter\u00e7a-feira, 28. O encontro, que reuniu prefeitos e representantes dos 22 munic\u00edpios associados, tamb\u00e9m serviu para alinhar o planejamento para os demais meses do ano, debates com pr\u00e9-candidatos ao governo do Estado e ao Senado Federal que est\u00e3o programados, e licita\u00e7\u00f5es oferecidas aos munic\u00edpios. O fen\u00f4meno clim\u00e1tico natural El Ni\u00f1o provoca o aumento incomum da temperatura das \u00e1guas, podendo causar chuvas intensas no Sul do Brasil e secas no Nordeste. Douglas Martello, prefeito de Alvorada e Presidente da Associa\u00e7\u00e3o Granpal, acende alerta para que a regi\u00e3o metropolitana esteja articulada e organizada para a vinda do El Ni\u00f1o, com efeitos projetados para os meses de setembro e outubro. \u201cN\u00e3o sabemos o tamanho do fen\u00f4meno, mas sabemos que vir\u00e1, ent\u00e3o \u00e9 fundamental que a Granpal esteja preparada para atender essas necessidades\u201d, aponta. Al\u00e9m do fen\u00f4meno clim\u00e1tico, outro tema apresentado no planejamento de 2026 foram os debates metropolitanos, onde a Granpal planeja organizar dois encontros: um com os pr\u00e9-candidatos ao senado, e outro com os pr\u00e9-candidatos ao Governo do Estado. O objetivo \u00e9 aproximar os futuros representantes dos ga\u00fachos com as demandas da regi\u00e3o metropolitana e seus munic\u00edpios. Felipe Costella, prefeito de Esteio e Presidente do Cons\u00f3rcio Granpal, destaca tamb\u00e9m as licita\u00e7\u00f5es para os munic\u00edpios, processos administrativos conjuntos para adquirir itens necess\u00e1rios para a rotina das atividades dos munic\u00edpios. \u201cEm conjunto com o Tribunal de Contas, vamos colocar \u00e0 disposi\u00e7\u00e3o de todos os munic\u00edpios consorciados. N\u00f3s abrimos a possibilidade de os prefeitos tamb\u00e9m trazerem novas demandas de licita\u00e7\u00f5es\u201d. Os procediemntos, como a de medicamentos, s\u00e3o feitos em pedidos conjuntos para mais de um munic\u00edpio com o objetivo de tornar o processo mais econ\u00f4mico para as prefeituras envolvidas. A Assembleia Geral Ordin\u00e1ria (AGO) refor\u00e7ou seu compromisso com um planejamento organizado e competente para 2026, debatendo temas relevantes e a\u00e7\u00f5es concretas ao longo do ano.<\/p>\n","protected":false},"author":1,"featured_media":11636,"comment_status":"closed","ping_status":"closed","sticky":false,"template":"","format":"standard","meta":{"footnotes":""},"categories":[308],"tags":[342],"class_list":["post-11633","post","type-post","status-publish","format-standard","has-post-thumbnail","hentry","category-ago-prefeitos","tag-prefeitos-regiao-metropolitana"],"_links":{"self":[{"href":"https:\/\/www.granpal.com.br\/site\/wp-json\/wp\/v2\/posts\/11633","targetHints":{"allow":["GET"]}}],"collection":[{"href":"https:\/\/www.granpal.com.br\/site\/wp-json\/wp\/v2\/posts"}],"about":[{"href":"https:\/\/www.granpal.com.br\/site\/wp-json\/wp\/v2\/types\/post"}],"author":[{"embeddable":true,"href":"https:\/\/www.granpal.com.br\/site\/wp-json\/wp\/v2\/users\/1"}],"replies":[{"embeddable":true,"href":"https:\/\/www.granpal.com.br\/site\/wp-json\/wp\/v2\/comments?post=11633"}],"version-history":[{"count":2,"href":"https:\/\/www.granpal.com.br\/site\/wp-json\/wp\/v2\/posts\/11633\/revisions"}],"predecessor-version":[{"id":11639,"href":"https:\/\/www.granpal.com.br\/site\/wp-json\/wp\/v2\/posts\/11633\/revisions\/11639"}],"wp:featuredmedia":[{"embeddable":true,"href":"https:\/\/www.granpal.com.br\/site\/wp-json\/wp\/v2\/media\/11636"}],"wp:attachment":[{"href":"https:\/\/www.granpal.com.br\/site\/wp-json\/wp\/v2\/media?parent=11633"}],"wp:term":[{"taxonomy":"category","embeddable":true,"href":"https:\/\/www.granpal.com.br\/site\/wp-json\/wp\/v2\/categories?post=11633"},{"taxonomy":"post_tag","embeddable":true,"href":"https:\/\/www.granpal.com.br\/site\/wp-json\/wp\/v2\/tags?post=11633"}],"curies":[{"name":"wp","href":"https:\/\/api.w.org\/{rel}","templated":true}]}}