{"id":11511,"date":"2026-02-26T17:12:22","date_gmt":"2026-02-26T20:12:22","guid":{"rendered":"https:\/\/www.granpal.com.br\/site\/?p=11511"},"modified":"2026-02-26T17:12:26","modified_gmt":"2026-02-26T20:12:26","slug":"referencias-de-media-e-alta-complexidade-sao-tema-do-forum-de-saude-do-consorcio-granpal","status":"publish","type":"post","link":"https:\/\/www.granpal.com.br\/site\/forum-da-saude\/referencias-de-media-e-alta-complexidade-sao-tema-do-forum-de-saude-do-consorcio-granpal\/","title":{"rendered":"Refer\u00eancias de m\u00e9dia e alta complexidade s\u00e3o tema do F\u00f3rum de Sa\u00fade do Cons\u00f3rcio Granpal."},"content":{"rendered":"\n<div class=\"wp-block-columns is-layout-flex wp-container-core-columns-is-layout-28f84493 wp-block-columns-is-layout-flex\">\n<div class=\"wp-block-column is-layout-flow wp-block-column-is-layout-flow\">\n<figure class=\"wp-block-image size-large\"><img fetchpriority=\"high\" decoding=\"async\" width=\"1024\" height=\"768\" src=\"https:\/\/www.granpal.com.br\/site\/wp-content\/uploads\/2026\/02\/b1e46c2e-6f56-42bc-b9b1-59cc9a43ff91-1024x768.jpg\" alt=\"\" class=\"wp-image-11512\" srcset=\"https:\/\/www.granpal.com.br\/site\/wp-content\/uploads\/2026\/02\/b1e46c2e-6f56-42bc-b9b1-59cc9a43ff91-1024x768.jpg 1024w, https:\/\/www.granpal.com.br\/site\/wp-content\/uploads\/2026\/02\/b1e46c2e-6f56-42bc-b9b1-59cc9a43ff91-300x225.jpg 300w, https:\/\/www.granpal.com.br\/site\/wp-content\/uploads\/2026\/02\/b1e46c2e-6f56-42bc-b9b1-59cc9a43ff91-768x576.jpg 768w, https:\/\/www.granpal.com.br\/site\/wp-content\/uploads\/2026\/02\/b1e46c2e-6f56-42bc-b9b1-59cc9a43ff91-1536x1152.jpg 1536w, https:\/\/www.granpal.com.br\/site\/wp-content\/uploads\/2026\/02\/b1e46c2e-6f56-42bc-b9b1-59cc9a43ff91.jpg 1600w\" sizes=\"(max-width: 1024px) 100vw, 1024px\" \/><\/figure>\n<\/div>\n\n\n\n<div class=\"wp-block-column is-layout-flow wp-block-column-is-layout-flow\">\n<figure class=\"wp-block-image size-large\"><img decoding=\"async\" width=\"1024\" height=\"768\" src=\"https:\/\/www.granpal.com.br\/site\/wp-content\/uploads\/2026\/02\/894ae3f7-4f38-4fbe-829b-4fcb83431b6c-1024x768.jpg\" alt=\"\" class=\"wp-image-11513\" srcset=\"https:\/\/www.granpal.com.br\/site\/wp-content\/uploads\/2026\/02\/894ae3f7-4f38-4fbe-829b-4fcb83431b6c-1024x768.jpg 1024w, https:\/\/www.granpal.com.br\/site\/wp-content\/uploads\/2026\/02\/894ae3f7-4f38-4fbe-829b-4fcb83431b6c-300x225.jpg 300w, https:\/\/www.granpal.com.br\/site\/wp-content\/uploads\/2026\/02\/894ae3f7-4f38-4fbe-829b-4fcb83431b6c-768x576.jpg 768w, https:\/\/www.granpal.com.br\/site\/wp-content\/uploads\/2026\/02\/894ae3f7-4f38-4fbe-829b-4fcb83431b6c-1536x1152.jpg 1536w, https:\/\/www.granpal.com.br\/site\/wp-content\/uploads\/2026\/02\/894ae3f7-4f38-4fbe-829b-4fcb83431b6c.jpg 1600w\" sizes=\"(max-width: 1024px) 100vw, 1024px\" \/><\/figure>\n<\/div>\n<\/div>\n\n\n\n<p>A pactua\u00e7\u00e3o entre o Governo do Estado e munic\u00edpios para organiza\u00e7\u00e3o dos servi\u00e7os do Sistema \u00fanico de Sa\u00fade (SUS) foi tema central de debate no F\u00f3rum de Sa\u00fade do Cons\u00f3rcio Granpal. Nesta quarta-feira (25), as autoridades e secret\u00e1rios de Sa\u00fade se reuniram para tratar as principais prioridades dos munic\u00edpios.<\/p>\n\n\n\n<p>A Resolu\u00e7\u00e3o n\u00ba 050\/2022 da Comiss\u00e3o Intergestores Bipartite do RS (CIB\/RS), que estabelece quais servi\u00e7os especializados de m\u00e9dia e alta complexidade cada munic\u00edpio ou regi\u00e3o deve oferecer ou ter como refer\u00eancia, dentro da l\u00f3gica de regionaliza\u00e7\u00e3o da sa\u00fade, representa uma preocupa\u00e7\u00e3o para os secret\u00e1rios.<\/p>\n\n\n\n<p>Para Brayan Freitas, secret\u00e1rio de Sa\u00fade de Nova Santa Rita esta alternativa n\u00e3o reflete a capacidade das cidades. \u201cEst\u00e1 resolu\u00e7\u00e3o foi criada com di\u00e1logo dentro de uma realidade que existia l\u00e1 em 2021. Hoje os munic\u00edpios recebem mudan\u00e7as de refer\u00eancias e de pactua\u00e7\u00f5es de forma muito vertical, as vezes at\u00e9 mesmo sem condi\u00e7\u00f5es de atender aquela especialidade que \u00e9 referenciada e acaba provocando efeitos l\u00e1 na ponta com pacientes que ficam num limbo\u201d.<\/p>\n\n\n\n<p>Ficou definido ao final do encontro entre os secret\u00e1rios, a realiza\u00e7\u00e3o de uma avalia\u00e7\u00e3o minuciosa e uma analise interna das especialidades em cada munic\u00edpio para que sejam levantadas as corre\u00e7\u00f5es necess\u00e1rias. Tamb\u00e9m ser\u00e3o encaminhados pedidos de reuni\u00e3o para o Minist\u00e9rio da Sa\u00fade e sindicatos profissionais com objetivo de ampliar o debate com todos os interessados.<\/p>\n\n\n\n<p><\/p>\n","protected":false},"excerpt":{"rendered":"<p>A pactua\u00e7\u00e3o entre o Governo do Estado e munic\u00edpios para organiza\u00e7\u00e3o dos servi\u00e7os do Sistema \u00fanico de Sa\u00fade (SUS) foi tema central de debate no F\u00f3rum de Sa\u00fade do Cons\u00f3rcio Granpal. Nesta quarta-feira (25), as autoridades e secret\u00e1rios de Sa\u00fade se reuniram para tratar as principais prioridades dos munic\u00edpios. A Resolu\u00e7\u00e3o n\u00ba 050\/2022 da Comiss\u00e3o Intergestores Bipartite do RS (CIB\/RS), que estabelece quais servi\u00e7os especializados de m\u00e9dia e alta complexidade cada munic\u00edpio ou regi\u00e3o deve oferecer ou ter como refer\u00eancia, dentro da l\u00f3gica de regionaliza\u00e7\u00e3o da sa\u00fade, representa uma preocupa\u00e7\u00e3o para os secret\u00e1rios. Para Brayan Freitas, secret\u00e1rio de Sa\u00fade de Nova Santa Rita esta alternativa n\u00e3o reflete a capacidade das cidades. \u201cEst\u00e1 resolu\u00e7\u00e3o foi criada com di\u00e1logo dentro de uma realidade que existia l\u00e1 em 2021. Hoje os munic\u00edpios recebem mudan\u00e7as de refer\u00eancias e de pactua\u00e7\u00f5es de forma muito vertical, as vezes at\u00e9 mesmo sem condi\u00e7\u00f5es de atender aquela especialidade que \u00e9 referenciada e acaba provocando efeitos l\u00e1 na ponta com pacientes que ficam num limbo\u201d. Ficou definido ao final do encontro entre os secret\u00e1rios, a realiza\u00e7\u00e3o de uma avalia\u00e7\u00e3o minuciosa e uma analise interna das especialidades em cada munic\u00edpio para que sejam levantadas as corre\u00e7\u00f5es necess\u00e1rias. Tamb\u00e9m ser\u00e3o encaminhados pedidos de reuni\u00e3o para o Minist\u00e9rio da Sa\u00fade e sindicatos profissionais com objetivo de ampliar o debate com todos os interessados.<\/p>\n","protected":false},"author":1,"featured_media":11514,"comment_status":"closed","ping_status":"closed","sticky":false,"template":"","format":"standard","meta":{"footnotes":""},"categories":[261],"tags":[262],"class_list":["post-11511","post","type-post","status-publish","format-standard","has-post-thumbnail","hentry","category-forum-da-saude","tag-forum-de-saude"],"_links":{"self":[{"href":"https:\/\/www.granpal.com.br\/site\/wp-json\/wp\/v2\/posts\/11511","targetHints":{"allow":["GET"]}}],"collection":[{"href":"https:\/\/www.granpal.com.br\/site\/wp-json\/wp\/v2\/posts"}],"about":[{"href":"https:\/\/www.granpal.com.br\/site\/wp-json\/wp\/v2\/types\/post"}],"author":[{"embeddable":true,"href":"https:\/\/www.granpal.com.br\/site\/wp-json\/wp\/v2\/users\/1"}],"replies":[{"embeddable":true,"href":"https:\/\/www.granpal.com.br\/site\/wp-json\/wp\/v2\/comments?post=11511"}],"version-history":[{"count":1,"href":"https:\/\/www.granpal.com.br\/site\/wp-json\/wp\/v2\/posts\/11511\/revisions"}],"predecessor-version":[{"id":11515,"href":"https:\/\/www.granpal.com.br\/site\/wp-json\/wp\/v2\/posts\/11511\/revisions\/11515"}],"wp:featuredmedia":[{"embeddable":true,"href":"https:\/\/www.granpal.com.br\/site\/wp-json\/wp\/v2\/media\/11514"}],"wp:attachment":[{"href":"https:\/\/www.granpal.com.br\/site\/wp-json\/wp\/v2\/media?parent=11511"}],"wp:term":[{"taxonomy":"category","embeddable":true,"href":"https:\/\/www.granpal.com.br\/site\/wp-json\/wp\/v2\/categories?post=11511"},{"taxonomy":"post_tag","embeddable":true,"href":"https:\/\/www.granpal.com.br\/site\/wp-json\/wp\/v2\/tags?post=11511"}],"curies":[{"name":"wp","href":"https:\/\/api.w.org\/{rel}","templated":true}]}}